{"id":28265,"date":"2024-06-03T20:26:55","date_gmt":"2024-06-04T00:26:55","guid":{"rendered":"https:\/\/www.savoir-faire-textile.com\/?p=28265"},"modified":"2024-06-03T20:35:32","modified_gmt":"2024-06-04T00:35:32","slug":"evenement-filer-au-bord-de-la-mer-2024","status":"publish","type":"post","link":"https:\/\/www.savoir-faire-textile.com\/en\/evenement-filer-au-bord-de-la-mer-2024\/","title":{"rendered":"\u00c9v\u00e9nement FILER AU BORD DE LA MER 2024"},"content":{"rendered":"\n<p class=\"has-medium-font-size\"><strong>POURQUOI?<\/strong><\/p>\n\n\n\n<p class=\"has-medium-font-size\">Cette initiative se veut une rencontre d\u00e9contract\u00e9e de quelques jours,<br><\/p>\n\n\n\n<p class=\"has-medium-font-size\">entre artisans de la fibre.<\/p>\n\n\n\n<p class=\"has-medium-font-size\">Une occasion pour la communaut\u00e9 de fileuses et fileurs de l\u2019est <\/p>\n\n\n\n<p class=\"has-medium-font-size\">du Canada pour se rassembler pour filer ensemble en bord de mer <\/p>\n\n\n\n<p class=\"has-medium-font-size\">avec rouet ou fuseau, en Haute-Gasp\u00e9sie!<br><\/p>\n\n\n\n<p class=\"has-medium-font-size\">Il ne s&#8217;agit pas d&#8217;un cours mais plut\u00f4t de camaraderie, et d&#8217;\u00e9change de <\/p>\n\n\n\n<p class=\"has-medium-font-size\">connaissances.<br><\/p>\n\n\n\n<p class=\"has-medium-font-size\">De quoi nourrir le c\u0153ur et les sens!<\/p>\n\n\n\n<p><\/p>\n\n\n\n<p class=\"has-medium-font-size\"><strong>QUAND?<\/strong><\/p>\n\n\n\n<p class=\"has-medium-font-size\"><strong>16-17-18 ao\u00fbt 2024<\/strong><br><\/p>\n\n\n\n<p class=\"has-medium-font-size\">D\u00e9but \u00e0 <strong>14 h<\/strong> vendredi le 16 ao\u00fbt<br><\/p>\n\n\n\n<p class=\"has-medium-font-size\">Fin \u00e0 <strong>16 h<\/strong> dimanche le 18 ao\u00fbt.<\/p>\n\n\n\n<p><\/p>\n\n\n\n<p class=\"has-medium-font-size\"><strong>O\u00d9?<\/strong><\/p>\n\n\n\n<p class=\"has-medium-font-size\">Au site du Phare \u00e0 Madeleine-Centre,<br><\/p>\n\n\n\n<p class=\"has-medium-font-size\">Sainte-Madeleine de la Rivi\u00e8re-Madeleine,<br><\/p>\n\n\n\n<p class=\"has-medium-font-size\">en Haute-Gasp\u00e9sie.<\/p>\n\n\n\n<div class=\"wp-block-buttons is-layout-flex\">\n<div class=\"wp-block-button\"><a class=\"wp-block-button__link wp-element-button\" href=\"https:\/\/www.savoir-faire-textile.com\/wp-content\/uploads\/2024\/06\/Details-de-Filer-au-bord-de-la-mer-2024.pdf\" target=\"_blank\" rel=\"noreferrer noopener\">Plus de d\u00e9tails ici<\/a><\/div>\n<\/div>\n\n\n\n<p><\/p>\n","protected":false},"excerpt":{"rendered":"<p>POURQUOI? Cette initiative se veut une rencontre d\u00e9contract\u00e9e de quelques jours, entre artisans de la fibre. Une occasion pour la communaut\u00e9 de fileuses et fileurs de l\u2019est du Canada pour se rassembler pour filer ensemble en bord de mer avec rouet ou fuseau, en Haute-Gasp\u00e9sie! Il ne s&#8217;agit pas d&#8217;un cours mais plut\u00f4t de camaraderie, [&hellip;]<\/p>\n","protected":false},"author":4,"featured_media":28266,"comment_status":"closed","ping_status":"open","sticky":false,"template":"","format":"standard","meta":{"_et_pb_use_builder":"off","_et_pb_old_content":"<!-- wp:image {\"id\":28266,\"sizeSlug\":\"large\",\"linkDestination\":\"none\"} -->\n<figure class=\"wp-block-image size-large\"><img src=\"https:\/\/www.savoir-faire-textile.com\/wp-content\/uploads\/2024\/06\/Pr-dans-le-courriel-1024x768.jpeg\" alt=\"\" class=\"wp-image-28266\"\/><\/figure>\n<!-- \/wp:image -->\n\n<!-- wp:paragraph {\"fontSize\":\"medium\"} -->\n<p class=\"has-medium-font-size\"><strong>POURQUOI?<\/strong><\/p>\n<!-- \/wp:paragraph -->\n\n<!-- wp:paragraph {\"fontSize\":\"medium\"} -->\n<p class=\"has-medium-font-size\">Cette initiative se veut une rencontre d\u00e9contract\u00e9e de quelques jours,<br><\/p>\n<!-- \/wp:paragraph -->\n\n<!-- wp:paragraph {\"fontSize\":\"medium\"} -->\n<p class=\"has-medium-font-size\">entre artisans de la fibre.<\/p>\n<!-- \/wp:paragraph -->\n\n<!-- wp:paragraph {\"fontSize\":\"medium\"} -->\n<p class=\"has-medium-font-size\">Une occasion pour la communaut\u00e9 de fileuses et fileurs de l\u2019est <\/p>\n<!-- \/wp:paragraph -->\n\n<!-- wp:paragraph {\"fontSize\":\"medium\"} -->\n<p class=\"has-medium-font-size\">du Canada pour se rassembler pour filer ensemble en bord de mer <\/p>\n<!-- \/wp:paragraph -->\n\n<!-- wp:paragraph {\"fontSize\":\"medium\"} -->\n<p class=\"has-medium-font-size\">avec rouet ou fuseau, en Haute-Gasp\u00e9sie!<br><\/p>\n<!-- \/wp:paragraph -->\n\n<!-- wp:paragraph {\"fontSize\":\"medium\"} -->\n<p class=\"has-medium-font-size\">Il ne s'agit pas d'un cours mais plut\u00f4t de camaraderie, et d'\u00e9change de <\/p>\n<!-- \/wp:paragraph -->\n\n<!-- wp:paragraph {\"fontSize\":\"medium\"} -->\n<p class=\"has-medium-font-size\">connaissances.<br><\/p>\n<!-- \/wp:paragraph -->\n\n<!-- wp:paragraph {\"fontSize\":\"medium\"} -->\n<p class=\"has-medium-font-size\">De quoi nourrir le c\u0153ur et les sens!<\/p>\n<!-- \/wp:paragraph -->\n\n<!-- wp:paragraph -->\n<p><\/p>\n<!-- \/wp:paragraph -->\n\n<!-- wp:paragraph {\"fontSize\":\"medium\"} -->\n<p class=\"has-medium-font-size\"><strong>QUAND?<\/strong><\/p>\n<!-- \/wp:paragraph -->\n\n<!-- wp:paragraph {\"fontSize\":\"medium\"} -->\n<p class=\"has-medium-font-size\"><strong>16-17-18 ao\u00fbt 2024<\/strong><br><\/p>\n<!-- \/wp:paragraph -->\n\n<!-- wp:paragraph {\"fontSize\":\"medium\"} -->\n<p class=\"has-medium-font-size\">D\u00e9but \u00e0 <strong>14 h<\/strong> vendredi le 16 ao\u00fbt<br><\/p>\n<!-- \/wp:paragraph -->\n\n<!-- wp:paragraph {\"fontSize\":\"medium\"} -->\n<p class=\"has-medium-font-size\">Fin \u00e0 <strong>16 h<\/strong> dimanche le 18 ao\u00fbt.<\/p>\n<!-- \/wp:paragraph -->\n\n<!-- wp:paragraph -->\n<p><\/p>\n<!-- \/wp:paragraph -->\n\n<!-- wp:paragraph {\"fontSize\":\"medium\"} -->\n<p class=\"has-medium-font-size\"><strong>O\u00d9?<\/strong><\/p>\n<!-- \/wp:paragraph -->\n\n<!-- wp:paragraph {\"fontSize\":\"medium\"} -->\n<p class=\"has-medium-font-size\">Au site du Phare \u00e0 Madeleine-Centre,<br><\/p>\n<!-- \/wp:paragraph -->\n\n<!-- wp:paragraph {\"fontSize\":\"medium\"} -->\n<p class=\"has-medium-font-size\">Sainte-Madeleine de la Rivi\u00e8re-Madeleine,<br><\/p>\n<!-- \/wp:paragraph -->\n\n<!-- wp:paragraph {\"fontSize\":\"medium\"} -->\n<p class=\"has-medium-font-size\">en Haute-Gasp\u00e9sie.<\/p>\n<!-- \/wp:paragraph -->\n\n<!-- wp:buttons -->\n<div class=\"wp-block-buttons\"><!-- wp:button -->\n<div class=\"wp-block-button\"><a class=\"wp-block-button__link wp-element-button\" href=\"https:\/\/www.savoir-faire-textile.com\/wp-content\/uploads\/2024\/06\/Details-de-Filer-au-bord-de-la-mer-2024.pdf\" target=\"_blank\" rel=\"noreferrer noopener\">Plus de d\u00e9tails ici<\/a><\/div>\n<!-- \/wp:button --><\/div>\n<!-- \/wp:buttons -->\n\n<!-- wp:paragraph -->\n<p><\/p>\n<!-- \/wp:paragraph -->","_et_gb_content_width":""},"categories":[18],"tags":[],"yoast_head":"<!-- This site is optimized with the Yoast SEO plugin v20.7 - https:\/\/yoast.com\/wordpress\/plugins\/seo\/ -->\n<title>\u00c9v\u00e9nement FILER AU BORD DE LA MER 2024 - Diane Gonthier<\/title>\n<meta name=\"robots\" content=\"index, follow, max-snippet:-1, max-image-preview:large, max-video-preview:-1\" \/>\n<link rel=\"canonical\" href=\"https:\/\/www.savoir-faire-textile.com\/fr\/evenement-filer-au-bord-de-la-mer-2024\/\" \/>\n<meta property=\"og:locale\" content=\"en_US\" \/>\n<meta property=\"og:type\" content=\"article\" \/>\n<meta property=\"og:title\" content=\"\u00c9v\u00e9nement FILER AU BORD DE LA MER 2024 - Diane Gonthier\" \/>\n<meta property=\"og:description\" content=\"POURQUOI? Cette initiative se veut une rencontre d\u00e9contract\u00e9e de quelques jours, entre artisans de la fibre. Une occasion pour la communaut\u00e9 de fileuses et fileurs de l\u2019est du Canada pour se rassembler pour filer ensemble en bord de mer avec rouet ou fuseau, en Haute-Gasp\u00e9sie! Il ne s&#8217;agit pas d&#8217;un cours mais plut\u00f4t de camaraderie, [&hellip;]\" \/>\n<meta property=\"og:url\" content=\"https:\/\/www.savoir-faire-textile.com\/fr\/evenement-filer-au-bord-de-la-mer-2024\/\" \/>\n<meta property=\"og:site_name\" content=\"Diane Gonthier\" \/>\n<meta property=\"article:published_time\" content=\"2024-06-04T00:26:55+00:00\" \/>\n<meta property=\"article:modified_time\" content=\"2024-06-04T00:35:32+00:00\" \/>\n<meta property=\"og:image\" content=\"https:\/\/www.savoir-faire-textile.com\/wp-content\/uploads\/2024\/06\/Pr-dans-le-courriel-scaled.jpeg\" \/>\n\t<meta property=\"og:image:width\" content=\"2560\" \/>\n\t<meta property=\"og:image:height\" content=\"1920\" \/>\n\t<meta property=\"og:image:type\" content=\"image\/jpeg\" \/>\n<meta name=\"author\" content=\"Diane Gonthier\" \/>\n<meta name=\"twitter:card\" content=\"summary_large_image\" \/>\n<meta name=\"twitter:label1\" content=\"Written by\" \/>\n\t<meta name=\"twitter:data1\" content=\"Diane Gonthier\" \/>\n\t<meta name=\"twitter:label2\" content=\"Est. reading time\" \/>\n\t<meta name=\"twitter:data2\" content=\"1 minute\" \/>\n<script type=\"application\/ld+json\" class=\"yoast-schema-graph\">{\"@context\":\"https:\/\/schema.org\",\"@graph\":[{\"@type\":\"Article\",\"@id\":\"https:\/\/www.savoir-faire-textile.com\/fr\/evenement-filer-au-bord-de-la-mer-2024\/#article\",\"isPartOf\":{\"@id\":\"https:\/\/www.savoir-faire-textile.com\/fr\/evenement-filer-au-bord-de-la-mer-2024\/\"},\"author\":{\"name\":\"Diane Gonthier\",\"@id\":\"https:\/\/www.savoir-faire-textile.com\/fr\/#\/schema\/person\/5c12087dec50179a0f0903b691e06ccf\"},\"headline\":\"\u00c9v\u00e9nement FILER AU BORD DE LA MER 2024\",\"datePublished\":\"2024-06-04T00:26:55+00:00\",\"dateModified\":\"2024-06-04T00:35:32+00:00\",\"mainEntityOfPage\":{\"@id\":\"https:\/\/www.savoir-faire-textile.com\/fr\/evenement-filer-au-bord-de-la-mer-2024\/\"},\"wordCount\":121,\"publisher\":{\"@id\":\"https:\/\/www.savoir-faire-textile.com\/fr\/#organization\"},\"articleSection\":[\"Quoi de neuf\"],\"inLanguage\":\"en-US\"},{\"@type\":\"WebPage\",\"@id\":\"https:\/\/www.savoir-faire-textile.com\/fr\/evenement-filer-au-bord-de-la-mer-2024\/\",\"url\":\"https:\/\/www.savoir-faire-textile.com\/fr\/evenement-filer-au-bord-de-la-mer-2024\/\",\"name\":\"\u00c9v\u00e9nement FILER AU BORD DE LA MER 2024 - Diane Gonthier\",\"isPartOf\":{\"@id\":\"https:\/\/www.savoir-faire-textile.com\/fr\/#website\"},\"datePublished\":\"2024-06-04T00:26:55+00:00\",\"dateModified\":\"2024-06-04T00:35:32+00:00\",\"breadcrumb\":{\"@id\":\"https:\/\/www.savoir-faire-textile.com\/fr\/evenement-filer-au-bord-de-la-mer-2024\/#breadcrumb\"},\"inLanguage\":\"en-US\",\"potentialAction\":[{\"@type\":\"ReadAction\",\"target\":[\"https:\/\/www.savoir-faire-textile.com\/fr\/evenement-filer-au-bord-de-la-mer-2024\/\"]}]},{\"@type\":\"BreadcrumbList\",\"@id\":\"https:\/\/www.savoir-faire-textile.com\/fr\/evenement-filer-au-bord-de-la-mer-2024\/#breadcrumb\",\"itemListElement\":[{\"@type\":\"ListItem\",\"position\":1,\"name\":\"Accueil\",\"item\":\"https:\/\/www.savoir-faire-textile.com\/en\/\"},{\"@type\":\"ListItem\",\"position\":2,\"name\":\"\u00c9v\u00e9nement FILER AU BORD DE LA MER 2024\"}]},{\"@type\":\"WebSite\",\"@id\":\"https:\/\/www.savoir-faire-textile.com\/fr\/#website\",\"url\":\"https:\/\/www.savoir-faire-textile.com\/fr\/\",\"name\":\"Diane Gonthier\",\"description\":\"Savoir Faire Textile\",\"publisher\":{\"@id\":\"https:\/\/www.savoir-faire-textile.com\/fr\/#organization\"},\"potentialAction\":[{\"@type\":\"SearchAction\",\"target\":{\"@type\":\"EntryPoint\",\"urlTemplate\":\"https:\/\/www.savoir-faire-textile.com\/fr\/?s={search_term_string}\"},\"query-input\":\"required name=search_term_string\"}],\"inLanguage\":\"en-US\"},{\"@type\":\"Organization\",\"@id\":\"https:\/\/www.savoir-faire-textile.com\/fr\/#organization\",\"name\":\"Les ateliers d'un pas feutr\u00e9\",\"url\":\"https:\/\/www.savoir-faire-textile.com\/fr\/\",\"logo\":{\"@type\":\"ImageObject\",\"inLanguage\":\"en-US\",\"@id\":\"https:\/\/www.savoir-faire-textile.com\/fr\/#\/schema\/logo\/image\/\",\"url\":\"https:\/\/www.savoir-faire-textile.com\/wp-content\/uploads\/2021\/02\/logo-web-les-ateliers.jpg\",\"contentUrl\":\"https:\/\/www.savoir-faire-textile.com\/wp-content\/uploads\/2021\/02\/logo-web-les-ateliers.jpg\",\"width\":487,\"height\":200,\"caption\":\"Les ateliers d'un pas feutr\u00e9\"},\"image\":{\"@id\":\"https:\/\/www.savoir-faire-textile.com\/fr\/#\/schema\/logo\/image\/\"}},{\"@type\":\"Person\",\"@id\":\"https:\/\/www.savoir-faire-textile.com\/fr\/#\/schema\/person\/5c12087dec50179a0f0903b691e06ccf\",\"name\":\"Diane Gonthier\",\"image\":{\"@type\":\"ImageObject\",\"inLanguage\":\"en-US\",\"@id\":\"https:\/\/www.savoir-faire-textile.com\/fr\/#\/schema\/person\/image\/\",\"url\":\"https:\/\/secure.gravatar.com\/avatar\/28756025b24f8b9387bc9f33a86050e2?s=96&d=mm&r=g\",\"contentUrl\":\"https:\/\/secure.gravatar.com\/avatar\/28756025b24f8b9387bc9f33a86050e2?s=96&d=mm&r=g\",\"caption\":\"Diane Gonthier\"},\"url\":\"https:\/\/www.savoir-faire-textile.com\/en\/author\/atelier\/\"}]}<\/script>\n<!-- \/ Yoast SEO plugin. -->","yoast_head_json":{"title":"\u00c9v\u00e9nement FILER AU BORD DE LA MER 2024 - Diane Gonthier","robots":{"index":"index","follow":"follow","max-snippet":"max-snippet:-1","max-image-preview":"max-image-preview:large","max-video-preview":"max-video-preview:-1"},"canonical":"https:\/\/www.savoir-faire-textile.com\/fr\/evenement-filer-au-bord-de-la-mer-2024\/","og_locale":"en_US","og_type":"article","og_title":"\u00c9v\u00e9nement FILER AU BORD DE LA MER 2024 - Diane Gonthier","og_description":"POURQUOI? Cette initiative se veut une rencontre d\u00e9contract\u00e9e de quelques jours, entre artisans de la fibre. Une occasion pour la communaut\u00e9 de fileuses et fileurs de l\u2019est du Canada pour se rassembler pour filer ensemble en bord de mer avec rouet ou fuseau, en Haute-Gasp\u00e9sie! Il ne s&#8217;agit pas d&#8217;un cours mais plut\u00f4t de camaraderie, [&hellip;]","og_url":"https:\/\/www.savoir-faire-textile.com\/fr\/evenement-filer-au-bord-de-la-mer-2024\/","og_site_name":"Diane Gonthier","article_published_time":"2024-06-04T00:26:55+00:00","article_modified_time":"2024-06-04T00:35:32+00:00","og_image":[{"width":2560,"height":1920,"url":"https:\/\/www.savoir-faire-textile.com\/wp-content\/uploads\/2024\/06\/Pr-dans-le-courriel-scaled.jpeg","type":"image\/jpeg"}],"author":"Diane Gonthier","twitter_card":"summary_large_image","twitter_misc":{"Written by":"Diane Gonthier","Est. reading time":"1 minute"},"schema":{"@context":"https:\/\/schema.org","@graph":[{"@type":"Article","@id":"https:\/\/www.savoir-faire-textile.com\/fr\/evenement-filer-au-bord-de-la-mer-2024\/#article","isPartOf":{"@id":"https:\/\/www.savoir-faire-textile.com\/fr\/evenement-filer-au-bord-de-la-mer-2024\/"},"author":{"name":"Diane Gonthier","@id":"https:\/\/www.savoir-faire-textile.com\/fr\/#\/schema\/person\/5c12087dec50179a0f0903b691e06ccf"},"headline":"\u00c9v\u00e9nement FILER AU BORD DE LA MER 2024","datePublished":"2024-06-04T00:26:55+00:00","dateModified":"2024-06-04T00:35:32+00:00","mainEntityOfPage":{"@id":"https:\/\/www.savoir-faire-textile.com\/fr\/evenement-filer-au-bord-de-la-mer-2024\/"},"wordCount":121,"publisher":{"@id":"https:\/\/www.savoir-faire-textile.com\/fr\/#organization"},"articleSection":["Quoi de neuf"],"inLanguage":"en-US"},{"@type":"WebPage","@id":"https:\/\/www.savoir-faire-textile.com\/fr\/evenement-filer-au-bord-de-la-mer-2024\/","url":"https:\/\/www.savoir-faire-textile.com\/fr\/evenement-filer-au-bord-de-la-mer-2024\/","name":"\u00c9v\u00e9nement FILER AU BORD DE LA MER 2024 - Diane Gonthier","isPartOf":{"@id":"https:\/\/www.savoir-faire-textile.com\/fr\/#website"},"datePublished":"2024-06-04T00:26:55+00:00","dateModified":"2024-06-04T00:35:32+00:00","breadcrumb":{"@id":"https:\/\/www.savoir-faire-textile.com\/fr\/evenement-filer-au-bord-de-la-mer-2024\/#breadcrumb"},"inLanguage":"en-US","potentialAction":[{"@type":"ReadAction","target":["https:\/\/www.savoir-faire-textile.com\/fr\/evenement-filer-au-bord-de-la-mer-2024\/"]}]},{"@type":"BreadcrumbList","@id":"https:\/\/www.savoir-faire-textile.com\/fr\/evenement-filer-au-bord-de-la-mer-2024\/#breadcrumb","itemListElement":[{"@type":"ListItem","position":1,"name":"Accueil","item":"https:\/\/www.savoir-faire-textile.com\/en\/"},{"@type":"ListItem","position":2,"name":"\u00c9v\u00e9nement FILER AU BORD DE LA MER 2024"}]},{"@type":"WebSite","@id":"https:\/\/www.savoir-faire-textile.com\/fr\/#website","url":"https:\/\/www.savoir-faire-textile.com\/fr\/","name":"Diane Gonthier","description":"Savoir Faire Textile","publisher":{"@id":"https:\/\/www.savoir-faire-textile.com\/fr\/#organization"},"potentialAction":[{"@type":"SearchAction","target":{"@type":"EntryPoint","urlTemplate":"https:\/\/www.savoir-faire-textile.com\/fr\/?s={search_term_string}"},"query-input":"required name=search_term_string"}],"inLanguage":"en-US"},{"@type":"Organization","@id":"https:\/\/www.savoir-faire-textile.com\/fr\/#organization","name":"Les ateliers d'un pas feutr\u00e9","url":"https:\/\/www.savoir-faire-textile.com\/fr\/","logo":{"@type":"ImageObject","inLanguage":"en-US","@id":"https:\/\/www.savoir-faire-textile.com\/fr\/#\/schema\/logo\/image\/","url":"https:\/\/www.savoir-faire-textile.com\/wp-content\/uploads\/2021\/02\/logo-web-les-ateliers.jpg","contentUrl":"https:\/\/www.savoir-faire-textile.com\/wp-content\/uploads\/2021\/02\/logo-web-les-ateliers.jpg","width":487,"height":200,"caption":"Les ateliers d'un pas feutr\u00e9"},"image":{"@id":"https:\/\/www.savoir-faire-textile.com\/fr\/#\/schema\/logo\/image\/"}},{"@type":"Person","@id":"https:\/\/www.savoir-faire-textile.com\/fr\/#\/schema\/person\/5c12087dec50179a0f0903b691e06ccf","name":"Diane Gonthier","image":{"@type":"ImageObject","inLanguage":"en-US","@id":"https:\/\/www.savoir-faire-textile.com\/fr\/#\/schema\/person\/image\/","url":"https:\/\/secure.gravatar.com\/avatar\/28756025b24f8b9387bc9f33a86050e2?s=96&d=mm&r=g","contentUrl":"https:\/\/secure.gravatar.com\/avatar\/28756025b24f8b9387bc9f33a86050e2?s=96&d=mm&r=g","caption":"Diane Gonthier"},"url":"https:\/\/www.savoir-faire-textile.com\/en\/author\/atelier\/"}]}},"_links":{"self":[{"href":"https:\/\/www.savoir-faire-textile.com\/en\/wp-json\/wp\/v2\/posts\/28265"}],"collection":[{"href":"https:\/\/www.savoir-faire-textile.com\/en\/wp-json\/wp\/v2\/posts"}],"about":[{"href":"https:\/\/www.savoir-faire-textile.com\/en\/wp-json\/wp\/v2\/types\/post"}],"author":[{"embeddable":true,"href":"https:\/\/www.savoir-faire-textile.com\/en\/wp-json\/wp\/v2\/users\/4"}],"replies":[{"embeddable":true,"href":"https:\/\/www.savoir-faire-textile.com\/en\/wp-json\/wp\/v2\/comments?post=28265"}],"version-history":[{"count":3,"href":"https:\/\/www.savoir-faire-textile.com\/en\/wp-json\/wp\/v2\/posts\/28265\/revisions"}],"predecessor-version":[{"id":28281,"href":"https:\/\/www.savoir-faire-textile.com\/en\/wp-json\/wp\/v2\/posts\/28265\/revisions\/28281"}],"wp:featuredmedia":[{"embeddable":true,"href":"https:\/\/www.savoir-faire-textile.com\/en\/wp-json\/wp\/v2\/media\/28266"}],"wp:attachment":[{"href":"https:\/\/www.savoir-faire-textile.com\/en\/wp-json\/wp\/v2\/media?parent=28265"}],"wp:term":[{"taxonomy":"category","embeddable":true,"href":"https:\/\/www.savoir-faire-textile.com\/en\/wp-json\/wp\/v2\/categories?post=28265"},{"taxonomy":"post_tag","embeddable":true,"href":"https:\/\/www.savoir-faire-textile.com\/en\/wp-json\/wp\/v2\/tags?post=28265"}],"curies":[{"name":"wp","href":"https:\/\/api.w.org\/{rel}","templated":true}]}}